{"id":1900,"date":"2026-03-31T17:00:41","date_gmt":"2026-03-31T20:00:41","guid":{"rendered":"https:\/\/vivatatuape.com.br\/app\/?p=1900"},"modified":"2026-03-31T17:45:53","modified_gmt":"2026-03-31T20:45:53","slug":"biblioteca-hans-christian-andersen-programacao-cultural-de-novembro","status":"publish","type":"post","link":"https:\/\/vivatatuape.com.br\/app\/2026\/03\/31\/biblioteca-hans-christian-andersen-programacao-cultural-de-novembro\/","title":{"rendered":"Biblioteca Hans Christian Andersen \u2013 Programa\u00e7\u00e3o Cultural de Mar\u00e7o"},"content":{"rendered":"<p>Abril chegou, e com ele muitas atra\u00e7\u00f5es e livros incr\u00edveis na Biblioteca Hans &#8211; venham conosco!<\/p>\n<h2>Programa\u00e7\u00e3o Abril 2026<\/h2>\n<p><strong>SEGUNDAS NA HANS:<\/strong><\/p>\n<p><strong>CONTA\u00c7\u00c3O DE HIST\u00d3RIAS &#8211; CIA SEMEADORA DE HIST\u00d3RIAS:<\/strong> Dias 13 e 27 de Abril (Segunda), \u00e0s 14h. A Companhia Semeadoras de Hist\u00f3rias convida o p\u00fablico para uma experi\u00eancia encantadora, com hist\u00f3rias cheias de imagina\u00e7\u00e3o e afeto, plantando sementes de alegria nos cora\u00e7\u00f5es de todas as idades.<br \/>\n* Classifica\u00e7\u00e3o indicativa: Livre<\/p>\n<hr \/>\n<p><strong>TER\u00c7AS NA HANS:<\/strong><\/p>\n<p><strong>CURSO DE INGL\u00caS:<\/strong> Todas as ter\u00e7as, das 10h \u00e0s 11h. Curso de ingl\u00eas com a teacher M\u00e1rcia. Turma voltada para pessoas 60+. As inscri\u00e7\u00f5es est\u00e3o abertas \u2014 porque sempre \u00e9 tempo de aprender!<br \/>\n* Inscri\u00e7\u00f5es pelo link na bio ou na recep\u00e7\u00e3o da Hans.<br \/>\n* Classifica\u00e7\u00e3o indicativa: 60+<\/p>\n<hr \/>\n<p><strong>QUARTAS NA HANS:<\/strong><\/p>\n<p><strong>INTERVEN\u00c7\u00c3O &#8211; REALEJO PO\u00c9TICO:<\/strong> Dia 1 de Abril (Quarta), \u00e0s 10h. Uma interven\u00e7\u00e3o que aproxima o p\u00fablico do lirismo da poesia e do encanto do teatro de anima\u00e7\u00e3o, acompanhados por m\u00fasica ao vivo suave e envolvente. Um boneco \u2014 o \u201cPoeta\u201d \u2014 sorteia poesias de diversos autores, criando encontros sens\u00edveis e afetivos.<br \/>\n* Classifica\u00e7\u00e3o indicativa: Livre<\/p>\n<p><strong>EXPOSI\u00c7\u00c3O &#8211; O JARDIM SECRETO DOS SONHOS: ECOS DE HANS CHRISTIAN ANDERSEN:<\/strong> De 1 a 30 de Abril (Quartas). A Biblioteca Hans Christian Andersen recebe a exposi\u00e7\u00e3o idealizada pelo Coletivo Caf\u00e9 &#038; Arte em Movimento, com 20 poemas in\u00e9ditos inspirados na vida e na obra de Hans Christian Andersen.<br \/>\nOrganizado pela poeta Priscila Mancussi, o projeto promove o encontro entre literatura e p\u00fablico, com destaque para o sarau especial no dia 25\/04. A iniciativa tamb\u00e9m valoriza artistas locais e incentiva a leitura.<br \/>\n* Classifica\u00e7\u00e3o indicativa: Livre<\/p>\n<p><strong>INTERVEN\u00c7\u00c3O &#8211; ERA UMA FLOR&#8230;:<\/strong> Dia 1 de Abril (Quarta), \u00e0s 13h. Espet\u00e1culo que aborda, de forma sens\u00edvel, as transforma\u00e7\u00f5es da flora e da fauna em contextos de urbaniza\u00e7\u00e3o, acompanhando a trajet\u00f3ria de uma flor em meio \u00e0s mudan\u00e7as do ambiente.<br \/>\n* Classifica\u00e7\u00e3o indicativa: Livre<\/p>\n<p><strong>LEITURA DRAM\u00c1TICA &#8211; PROJETO GIRA HIST\u00d3RIAS<\/strong> Dia 29 de Abril (Quarta), \u00e0s 14h. Experi\u00eancia em que o texto ganha vida por meio da interpreta\u00e7\u00e3o art\u00edstica, com uso expressivo da voz e do corpo, proporcionando uma imers\u00e3o sens\u00edvel na narrativa.<br \/>\n* Classifica\u00e7\u00e3o indicativa: Livre<\/p>\n<hr \/>\n<p><strong>QUINTAS NA HANS:<\/strong><\/p>\n<p><strong>PI\u00c1 \u2013 PROGRAMA DE INICIA\u00c7\u00c3O ART\u00cdSTICA<\/strong> Todas as quintas, das 10h \u00e0s 14h.<br \/>\n* Inscri\u00e7\u00f5es na biblioteca<br \/>\n* Classifica\u00e7\u00e3o indicativa: 7 a 13 anos<\/p>\n<p><strong>TEATRO &#8211; HIST\u00d3RIA SEM TEMPO QUE CONTA O TEMPO<\/strong> Dia 9 de Abril (Quinta), \u00e0s 10h. Cec\u00edlia \u00e9 uma menina curiosa que questiona o mundo ao seu redor \u2014 inclusive o pr\u00f3prio tempo. Com imagina\u00e7\u00e3o e humor, a pe\u00e7a convida o p\u00fablico a refletir sobre as complexidades da vida adulta e infantil.<br \/>\n* Classifica\u00e7\u00e3o indicativa: Livre<\/p>\n<p><strong>PERFORMANCE \u2013 PIPOCA E ALGOD\u00c3O DOCE NOS CONTOS DE FADAS<\/strong> Dia 16 de Abril (Quinta), \u00e0s 13h. Artistas se transformam em personagens do universo liter\u00e1rio e cinematogr\u00e1fico, interagindo com o p\u00fablico e celebrando o anivers\u00e1rio de Hans Christian Andersen.<br \/>\n* Classifica\u00e7\u00e3o indicativa: Livre<\/p>\n<p><strong>PERFORMANCE \u2013 ERA UMA VEZ&#8230;COM QUEM ESCREVEU<\/strong> Dia 16 de Abril (Quinta), \u00e0s 14h. Em homenagem ao Dia Nacional do Livro Infantil, autores apresentam suas obras e compartilham seus processos criativos.<br \/>\n* Classifica\u00e7\u00e3o indicativa: Livre<\/p>\n<p><strong>TEATRO &#8211; O SENHOR DAS VASSOURAS<\/strong> Dia 16 de Abril (Quinta), \u00e0s 15h. Com humor e criatividade, a pe\u00e7a aborda o cuidado com o meio ambiente por meio do teatro de anima\u00e7\u00e3o, clown e tecnologia.<br \/>\n* Classifica\u00e7\u00e3o indicativa: Livre<\/p>\n<p><strong>TEATRO &#8211; HIST\u00d3RIAS COM DESPERD\u00cdCIOS<\/strong> Dia 23 de Abril (Quinta), \u00e0s 14h. Um catador transforma materiais recicl\u00e1veis em cen\u00e1rio e personagens, criando uma narrativa po\u00e9tica sobre sustentabilidade e esperan\u00e7a.<br \/>\n* Classifica\u00e7\u00e3o indicativa: Livre<\/p>\n<p><strong>CLUBE DE LEITURA SECRETO DAS BIBLIOTEC\u00c1RIAS:<\/strong> Dia 30 de Abril (Quinta), \u00e0s 20h. O encontro ser\u00e1 online pela plataforma GoogleMeet, para a discuss\u00e3o do livro A Vegetariana, de Han Kang. Essa \u00e9 uma a\u00e7\u00e3o conjunta das Bibliotecas Hans Christian Andersen, Menotti del Picchia e Raul Bopp. Ficou interessado em participar?<br \/>\n* Inscri\u00e7\u00e3o pelo link: na nossa bio do instagram.<br \/>\n* Classifica\u00e7\u00e3o indicativa: 14 anos<\/p>\n<hr\/>\n<p><strong>S\u00c1BADOS NA HANS:<\/strong><\/p>\n<p><strong>OFICINA DE TEAR ARCO-\u00cdRIS COM DONA DOLORES:<\/strong> Todos os s\u00e1bados \u00e0s 11h. Aprenda a arte da tecelagem com o tear arco-\u00edris e fabrique lindos cachec\u00f3is!<br \/>\n* Classifica\u00e7\u00e3o indicativa: a partir de 07 anos | 10 vagas<\/p>\n<p><strong>MEDIA\u00c7\u00c3O DE LEITURA &#8211; PROJETO CLIMA DE LEITURA:<\/strong> Dia 11 de Abril (S\u00e1bado), \u00e0s 11h30. Encontro voltado \u00e0 forma\u00e7\u00e3o de leitores, com foco na escuta, partilha e reflex\u00e3o sobre o mundo.<br \/>\n* Classifica\u00e7\u00e3o indicativa: Livre<\/p>\n<p><strong>RODA DE CONVERSA &#8211; CONTOS DE FADAS E CULTURA POPULAR:<\/strong> Dia 11 de Abril (S\u00e1bado), \u00e0s 12h. Reflex\u00e3o sobre tradi\u00e7\u00e3o oral e perman\u00eancia das narrativas, Marco Haur\u00e9lio.<br \/>\n* Classifica\u00e7\u00e3o indicativa: a partir de 16 anos<\/p>\n<p><strong>OFICINA DE FOTOGRAFIA COM CELULAR <\/strong> Dia 18 de Abril (S\u00e1bado), \u00e0s 11h30. T\u00e9cnicas pr\u00e1ticas para produ\u00e7\u00e3o de imagens com dispositivos m\u00f3veis, com Alexandre Chezini.<br \/>\n* Classifica\u00e7\u00e3o indicativa: a partir de 14 anos<\/p>\n<p><strong>SARAU &#8211; ACADEMIA CONTEMPOR\u00c2NEA DE LETRAS:<\/strong> Dia 18 de Abril (S\u00e1bado), das 11h30 \u00e0s 13h30. Vamos receber mais uma edi\u00e7\u00e3o do Sarau organizado pelo grupo da Academia Contempor\u00e2nea de Letras. \u00c9 um evento aberto e n\u00e3o \u00e9 necess\u00e1rio ter nenhum conhecimento pr\u00e9vio para participar, basta ter vontade de compartilhar sua arte e o seu conhecimento com todos. Vem pro sarau da ACL!<br \/>\n* Classifica\u00e7\u00e3o indicativa: Livre<\/p>\n<p><strong>FLIHANS- FESTA LITERARIA DA HANS:<\/strong> Dia 25 de Abril (S\u00e1bado), das 10h \u00e0s 14h. Nossa festa liter\u00e1ria aqui na Hans \u00e9 composta por muitas atra\u00e7\u00f5es! S\u00e3o v\u00e1rios eventos em um mesmo dia e tamb\u00e9m recebemos a presen\u00e7a de diversos autores convidados. \u00e9 um momento de dividirmos n\u00e3o apenas aprendizados, mas tamb\u00e9m as alegrias e os afetos.<br \/>\n* Classifica\u00e7\u00e3o indicativa: Livre<\/p>\n<p><strong>SARAU &#8211; O JARDIM SECRETO DOS SONHOS:<\/strong> Dia 25 de ABRIL (S\u00e1bado), das 10h \u00e0s 12h. Leitura ao vivo dos poemas da exposi\u00e7\u00e3o.<br \/>\n* Classifica\u00e7\u00e3o indicativa: Livre<\/p>\n<p><strong>OFICINA &#8211; ESCRITA CRIATIVA COM BLENDA SOUTO MAIOR:<\/strong> Dia 25 de Abril (S\u00e1bado), das 10h \u00e0s 12h30. Encontro de cria\u00e7\u00e3o liter\u00e1ria.<br \/>\n* Classifica\u00e7\u00e3o indicativa: a partir de 7 anos<\/p>\n<p><strong>OFICINA &#8211; BORDANDO AS MEM\u00d3RIAS DOS RIOS DE S\u00c3O PAULO:<\/strong> Dia 25 de Abril (S\u00e1bado), das 11h \u00e0s 14h. Bordado coletivo inspirado nos rios da cidade.<\/p>\n<p><strong>SARAU CAF\u00c9 COM POESIA:<\/strong> Dia 25 de Abril (S\u00e1bado), \u00e0s 12h. Com diversas express\u00f5es de artes e conte\u00fados, organizado em ciclos de apresenta\u00e7\u00f5es intercaladas, com mensagens culturais e abertura de espa\u00e7o para intera\u00e7\u00e3o dos espectadores, este sarau \u00e9 para todos!<br \/>\n* Classifica\u00e7\u00e3o indicativa: a partir de 14 anos<\/p>\n<hr \/>\n<p><strong>Biblioteca P\u00fablica Hans Christian Andersen<\/strong><br \/>\nTem\u00e1tica em Contos de Fadas<br \/>\nAvenida Celso Garcia, 4142 \u2013 Tatuap\u00e9 \u2013 S\u00e3o Paulo<br \/>\nTelefone: (11) 2295-3447<br \/>\nbibliotecahans@gmail.com<\/p>\n<p><strong>Hor\u00e1rio de Funcionamento:<\/strong><br \/>\nSegunda a Sexta: 10h \u00e0s 19h<br \/>\nS\u00e1bados: 9h \u00e0s 16h<br \/>\nDomingos: 9h \u00e0s 13h<\/p>\n<p><a href=\"http:\/\/www.bibliotecas.sp.gov.br\" target=\"_blank\" rel=\"noopener noreferrer\">www.bibliotecas.sp.gov.br<\/a><br \/>\n<a href=\"http:\/\/www.facebook.com\/bibliotecahans.christianandersen\" target=\"_blank\" rel=\"noopener noreferrer\">www.facebook.com\/bibliotecahans.christianandersen<\/a><\/p>\n<p><strong>Todos os servi\u00e7os s\u00e3o gratuitos<\/strong><\/p>\n","protected":false},"excerpt":{"rendered":"<p>Abril chegou, e com ele muitas atra\u00e7\u00f5es e livros incr\u00edveis na Biblioteca Hans &#8211; venham conosco! Programa\u00e7\u00e3o Abril 2026 SEGUNDAS NA HANS: CONTA\u00c7\u00c3O DE HIST\u00d3RIAS &#8211; CIA SEMEADORA DE HIST\u00d3RIAS: Dias 13 e 27 de Abril (Segunda), \u00e0s 14h. A Companhia Semeadoras de Hist\u00f3rias convida o p\u00fablico para uma experi\u00eancia encantadora, com hist\u00f3rias cheias de<\/p>\n","protected":false},"author":1,"featured_media":1901,"comment_status":"open","ping_status":"open","sticky":false,"template":"","format":"standard","meta":{"footnotes":""},"categories":[10],"tags":[],"class_list":{"0":"post-1900","1":"post","2":"type-post","3":"status-publish","4":"format-standard","5":"has-post-thumbnail","7":"category-curtir-no-tatuape"},"yoast_head":"<!-- This site is optimized with the Yoast SEO plugin v25.4 - https:\/\/yoast.com\/wordpress\/plugins\/seo\/ -->\n<title>Biblioteca Hans Christian Andersen \u2013 Programa\u00e7\u00e3o Cultural de Mar\u00e7o - appvivatatuap\u00e9<\/title>\n<meta name=\"robots\" content=\"index, follow, max-snippet:-1, max-image-preview:large, max-video-preview:-1\" \/>\n<link rel=\"canonical\" href=\"https:\/\/vivatatuape.com.br\/app\/2026\/03\/31\/biblioteca-hans-christian-andersen-programacao-cultural-de-novembro\/\" \/>\n<meta property=\"og:locale\" content=\"pt_BR\" \/>\n<meta property=\"og:type\" content=\"article\" \/>\n<meta property=\"og:title\" content=\"Biblioteca Hans Christian Andersen \u2013 Programa\u00e7\u00e3o Cultural de Mar\u00e7o - appvivatatuap\u00e9\" \/>\n<meta property=\"og:description\" content=\"Abril chegou, e com ele muitas atra\u00e7\u00f5es e livros incr\u00edveis na Biblioteca Hans &#8211; venham conosco! Programa\u00e7\u00e3o Abril 2026 SEGUNDAS NA HANS: CONTA\u00c7\u00c3O DE HIST\u00d3RIAS &#8211; CIA SEMEADORA DE HIST\u00d3RIAS: Dias 13 e 27 de Abril (Segunda), \u00e0s 14h. A Companhia Semeadoras de Hist\u00f3rias convida o p\u00fablico para uma experi\u00eancia encantadora, com hist\u00f3rias cheias de\" \/>\n<meta property=\"og:url\" content=\"https:\/\/vivatatuape.com.br\/app\/2026\/03\/31\/biblioteca-hans-christian-andersen-programacao-cultural-de-novembro\/\" \/>\n<meta property=\"og:site_name\" content=\"appvivatatuap\u00e9\" \/>\n<meta property=\"article:publisher\" content=\"https:\/\/facebook.com\/appvivatatuape\" \/>\n<meta property=\"article:published_time\" content=\"2026-03-31T20:00:41+00:00\" \/>\n<meta property=\"article:modified_time\" content=\"2026-03-31T20:45:53+00:00\" \/>\n<meta property=\"og:image\" content=\"http:\/\/vivatatuape.com.br\/app\/wp-content\/uploads\/2023\/11\/Biblioteca2.webp\" \/>\n\t<meta property=\"og:image:width\" content=\"800\" \/>\n\t<meta property=\"og:image:height\" content=\"500\" \/>\n\t<meta property=\"og:image:type\" content=\"image\/webp\" \/>\n<meta name=\"author\" content=\"appvivatatuape\" \/>\n<meta name=\"twitter:card\" content=\"summary_large_image\" \/>\n<meta name=\"twitter:label1\" content=\"Escrito por\" \/>\n\t<meta name=\"twitter:data1\" content=\"appvivatatuape\" \/>\n\t<meta name=\"twitter:label2\" content=\"Est. tempo de leitura\" \/>\n\t<meta name=\"twitter:data2\" content=\"11 minutos\" \/>\n<script type=\"application\/ld+json\" class=\"yoast-schema-graph\">{\"@context\":\"https:\/\/schema.org\",\"@graph\":[{\"@type\":\"WebPage\",\"@id\":\"https:\/\/vivatatuape.com.br\/app\/2026\/03\/31\/biblioteca-hans-christian-andersen-programacao-cultural-de-novembro\/\",\"url\":\"https:\/\/vivatatuape.com.br\/app\/2026\/03\/31\/biblioteca-hans-christian-andersen-programacao-cultural-de-novembro\/\",\"name\":\"Biblioteca Hans Christian Andersen \u2013 Programa\u00e7\u00e3o Cultural de Mar\u00e7o - appvivatatuap\u00e9\",\"isPartOf\":{\"@id\":\"https:\/\/vivatatuape.com.br\/app\/#website\"},\"primaryImageOfPage\":{\"@id\":\"https:\/\/vivatatuape.com.br\/app\/2026\/03\/31\/biblioteca-hans-christian-andersen-programacao-cultural-de-novembro\/#primaryimage\"},\"image\":{\"@id\":\"https:\/\/vivatatuape.com.br\/app\/2026\/03\/31\/biblioteca-hans-christian-andersen-programacao-cultural-de-novembro\/#primaryimage\"},\"thumbnailUrl\":\"https:\/\/vivatatuape.com.br\/app\/wp-content\/uploads\/2023\/11\/Biblioteca2.webp\",\"datePublished\":\"2026-03-31T20:00:41+00:00\",\"dateModified\":\"2026-03-31T20:45:53+00:00\",\"author\":{\"@id\":\"https:\/\/vivatatuape.com.br\/app\/#\/schema\/person\/372ef3328427773b64bc133be359fb94\"},\"breadcrumb\":{\"@id\":\"https:\/\/vivatatuape.com.br\/app\/2026\/03\/31\/biblioteca-hans-christian-andersen-programacao-cultural-de-novembro\/#breadcrumb\"},\"inLanguage\":\"pt-BR\",\"potentialAction\":[{\"@type\":\"ReadAction\",\"target\":[\"https:\/\/vivatatuape.com.br\/app\/2026\/03\/31\/biblioteca-hans-christian-andersen-programacao-cultural-de-novembro\/\"]}]},{\"@type\":\"ImageObject\",\"inLanguage\":\"pt-BR\",\"@id\":\"https:\/\/vivatatuape.com.br\/app\/2026\/03\/31\/biblioteca-hans-christian-andersen-programacao-cultural-de-novembro\/#primaryimage\",\"url\":\"https:\/\/vivatatuape.com.br\/app\/wp-content\/uploads\/2023\/11\/Biblioteca2.webp\",\"contentUrl\":\"https:\/\/vivatatuape.com.br\/app\/wp-content\/uploads\/2023\/11\/Biblioteca2.webp\",\"width\":800,\"height\":500},{\"@type\":\"BreadcrumbList\",\"@id\":\"https:\/\/vivatatuape.com.br\/app\/2026\/03\/31\/biblioteca-hans-christian-andersen-programacao-cultural-de-novembro\/#breadcrumb\",\"itemListElement\":[{\"@type\":\"ListItem\",\"position\":1,\"name\":\"In\u00edcio\",\"item\":\"https:\/\/vivatatuape.com.br\/app\/\"},{\"@type\":\"ListItem\",\"position\":2,\"name\":\"Biblioteca Hans Christian Andersen \u2013 Programa\u00e7\u00e3o Cultural de Mar\u00e7o\"}]},{\"@type\":\"WebSite\",\"@id\":\"https:\/\/vivatatuape.com.br\/app\/#website\",\"url\":\"https:\/\/vivatatuape.com.br\/app\/\",\"name\":\"Cadastro App Viva Tatuap\u00e9\",\"description\":\"App VivaTatuap\u00e9 - O Tatuap\u00e9 na Palma da sua M\u00e3o\",\"potentialAction\":[{\"@type\":\"SearchAction\",\"target\":{\"@type\":\"EntryPoint\",\"urlTemplate\":\"https:\/\/vivatatuape.com.br\/app\/?s={search_term_string}\"},\"query-input\":{\"@type\":\"PropertyValueSpecification\",\"valueRequired\":true,\"valueName\":\"search_term_string\"}}],\"inLanguage\":\"pt-BR\"},{\"@type\":\"Person\",\"@id\":\"https:\/\/vivatatuape.com.br\/app\/#\/schema\/person\/372ef3328427773b64bc133be359fb94\",\"name\":\"appvivatatuape\",\"image\":{\"@type\":\"ImageObject\",\"inLanguage\":\"pt-BR\",\"@id\":\"https:\/\/vivatatuape.com.br\/app\/#\/schema\/person\/image\/\",\"url\":\"https:\/\/secure.gravatar.com\/avatar\/e97acf1451081aaad044f1018d12b336d31bda2ed81c5a292f65fa32f6909ba3?s=96&d=mm&r=g\",\"contentUrl\":\"https:\/\/secure.gravatar.com\/avatar\/e97acf1451081aaad044f1018d12b336d31bda2ed81c5a292f65fa32f6909ba3?s=96&d=mm&r=g\",\"caption\":\"appvivatatuape\"},\"sameAs\":[\"http:\/\/vivatatuape.com.br\/app\"],\"url\":\"https:\/\/vivatatuape.com.br\/app\/author\/appvivatatuape\/\"}]}<\/script>\n<!-- \/ Yoast SEO plugin. -->","yoast_head_json":{"title":"Biblioteca Hans Christian Andersen \u2013 Programa\u00e7\u00e3o Cultural de Mar\u00e7o - appvivatatuap\u00e9","robots":{"index":"index","follow":"follow","max-snippet":"max-snippet:-1","max-image-preview":"max-image-preview:large","max-video-preview":"max-video-preview:-1"},"canonical":"https:\/\/vivatatuape.com.br\/app\/2026\/03\/31\/biblioteca-hans-christian-andersen-programacao-cultural-de-novembro\/","og_locale":"pt_BR","og_type":"article","og_title":"Biblioteca Hans Christian Andersen \u2013 Programa\u00e7\u00e3o Cultural de Mar\u00e7o - appvivatatuap\u00e9","og_description":"Abril chegou, e com ele muitas atra\u00e7\u00f5es e livros incr\u00edveis na Biblioteca Hans &#8211; venham conosco! Programa\u00e7\u00e3o Abril 2026 SEGUNDAS NA HANS: CONTA\u00c7\u00c3O DE HIST\u00d3RIAS &#8211; CIA SEMEADORA DE HIST\u00d3RIAS: Dias 13 e 27 de Abril (Segunda), \u00e0s 14h. A Companhia Semeadoras de Hist\u00f3rias convida o p\u00fablico para uma experi\u00eancia encantadora, com hist\u00f3rias cheias de","og_url":"https:\/\/vivatatuape.com.br\/app\/2026\/03\/31\/biblioteca-hans-christian-andersen-programacao-cultural-de-novembro\/","og_site_name":"appvivatatuap\u00e9","article_publisher":"https:\/\/facebook.com\/appvivatatuape","article_published_time":"2026-03-31T20:00:41+00:00","article_modified_time":"2026-03-31T20:45:53+00:00","og_image":[{"width":800,"height":500,"url":"http:\/\/vivatatuape.com.br\/app\/wp-content\/uploads\/2023\/11\/Biblioteca2.webp","type":"image\/webp"}],"author":"appvivatatuape","twitter_card":"summary_large_image","twitter_misc":{"Escrito por":"appvivatatuape","Est. tempo de leitura":"11 minutos"},"schema":{"@context":"https:\/\/schema.org","@graph":[{"@type":"WebPage","@id":"https:\/\/vivatatuape.com.br\/app\/2026\/03\/31\/biblioteca-hans-christian-andersen-programacao-cultural-de-novembro\/","url":"https:\/\/vivatatuape.com.br\/app\/2026\/03\/31\/biblioteca-hans-christian-andersen-programacao-cultural-de-novembro\/","name":"Biblioteca Hans Christian Andersen \u2013 Programa\u00e7\u00e3o Cultural de Mar\u00e7o - appvivatatuap\u00e9","isPartOf":{"@id":"https:\/\/vivatatuape.com.br\/app\/#website"},"primaryImageOfPage":{"@id":"https:\/\/vivatatuape.com.br\/app\/2026\/03\/31\/biblioteca-hans-christian-andersen-programacao-cultural-de-novembro\/#primaryimage"},"image":{"@id":"https:\/\/vivatatuape.com.br\/app\/2026\/03\/31\/biblioteca-hans-christian-andersen-programacao-cultural-de-novembro\/#primaryimage"},"thumbnailUrl":"https:\/\/vivatatuape.com.br\/app\/wp-content\/uploads\/2023\/11\/Biblioteca2.webp","datePublished":"2026-03-31T20:00:41+00:00","dateModified":"2026-03-31T20:45:53+00:00","author":{"@id":"https:\/\/vivatatuape.com.br\/app\/#\/schema\/person\/372ef3328427773b64bc133be359fb94"},"breadcrumb":{"@id":"https:\/\/vivatatuape.com.br\/app\/2026\/03\/31\/biblioteca-hans-christian-andersen-programacao-cultural-de-novembro\/#breadcrumb"},"inLanguage":"pt-BR","potentialAction":[{"@type":"ReadAction","target":["https:\/\/vivatatuape.com.br\/app\/2026\/03\/31\/biblioteca-hans-christian-andersen-programacao-cultural-de-novembro\/"]}]},{"@type":"ImageObject","inLanguage":"pt-BR","@id":"https:\/\/vivatatuape.com.br\/app\/2026\/03\/31\/biblioteca-hans-christian-andersen-programacao-cultural-de-novembro\/#primaryimage","url":"https:\/\/vivatatuape.com.br\/app\/wp-content\/uploads\/2023\/11\/Biblioteca2.webp","contentUrl":"https:\/\/vivatatuape.com.br\/app\/wp-content\/uploads\/2023\/11\/Biblioteca2.webp","width":800,"height":500},{"@type":"BreadcrumbList","@id":"https:\/\/vivatatuape.com.br\/app\/2026\/03\/31\/biblioteca-hans-christian-andersen-programacao-cultural-de-novembro\/#breadcrumb","itemListElement":[{"@type":"ListItem","position":1,"name":"In\u00edcio","item":"https:\/\/vivatatuape.com.br\/app\/"},{"@type":"ListItem","position":2,"name":"Biblioteca Hans Christian Andersen \u2013 Programa\u00e7\u00e3o Cultural de Mar\u00e7o"}]},{"@type":"WebSite","@id":"https:\/\/vivatatuape.com.br\/app\/#website","url":"https:\/\/vivatatuape.com.br\/app\/","name":"Cadastro App Viva Tatuap\u00e9","description":"App VivaTatuap\u00e9 - O Tatuap\u00e9 na Palma da sua M\u00e3o","potentialAction":[{"@type":"SearchAction","target":{"@type":"EntryPoint","urlTemplate":"https:\/\/vivatatuape.com.br\/app\/?s={search_term_string}"},"query-input":{"@type":"PropertyValueSpecification","valueRequired":true,"valueName":"search_term_string"}}],"inLanguage":"pt-BR"},{"@type":"Person","@id":"https:\/\/vivatatuape.com.br\/app\/#\/schema\/person\/372ef3328427773b64bc133be359fb94","name":"appvivatatuape","image":{"@type":"ImageObject","inLanguage":"pt-BR","@id":"https:\/\/vivatatuape.com.br\/app\/#\/schema\/person\/image\/","url":"https:\/\/secure.gravatar.com\/avatar\/e97acf1451081aaad044f1018d12b336d31bda2ed81c5a292f65fa32f6909ba3?s=96&d=mm&r=g","contentUrl":"https:\/\/secure.gravatar.com\/avatar\/e97acf1451081aaad044f1018d12b336d31bda2ed81c5a292f65fa32f6909ba3?s=96&d=mm&r=g","caption":"appvivatatuape"},"sameAs":["http:\/\/vivatatuape.com.br\/app"],"url":"https:\/\/vivatatuape.com.br\/app\/author\/appvivatatuape\/"}]}},"_links":{"self":[{"href":"https:\/\/vivatatuape.com.br\/app\/wp-json\/wp\/v2\/posts\/1900","targetHints":{"allow":["GET"]}}],"collection":[{"href":"https:\/\/vivatatuape.com.br\/app\/wp-json\/wp\/v2\/posts"}],"about":[{"href":"https:\/\/vivatatuape.com.br\/app\/wp-json\/wp\/v2\/types\/post"}],"author":[{"embeddable":true,"href":"https:\/\/vivatatuape.com.br\/app\/wp-json\/wp\/v2\/users\/1"}],"replies":[{"embeddable":true,"href":"https:\/\/vivatatuape.com.br\/app\/wp-json\/wp\/v2\/comments?post=1900"}],"version-history":[{"count":46,"href":"https:\/\/vivatatuape.com.br\/app\/wp-json\/wp\/v2\/posts\/1900\/revisions"}],"predecessor-version":[{"id":26128,"href":"https:\/\/vivatatuape.com.br\/app\/wp-json\/wp\/v2\/posts\/1900\/revisions\/26128"}],"wp:featuredmedia":[{"embeddable":true,"href":"https:\/\/vivatatuape.com.br\/app\/wp-json\/wp\/v2\/media\/1901"}],"wp:attachment":[{"href":"https:\/\/vivatatuape.com.br\/app\/wp-json\/wp\/v2\/media?parent=1900"}],"wp:term":[{"taxonomy":"category","embeddable":true,"href":"https:\/\/vivatatuape.com.br\/app\/wp-json\/wp\/v2\/categories?post=1900"},{"taxonomy":"post_tag","embeddable":true,"href":"https:\/\/vivatatuape.com.br\/app\/wp-json\/wp\/v2\/tags?post=1900"}],"curies":[{"name":"wp","href":"https:\/\/api.w.org\/{rel}","templated":true}]}}