{"id":26234,"date":"2026-04-27T14:31:50","date_gmt":"2026-04-27T17:31:50","guid":{"rendered":"https:\/\/vivatatuape.com.br\/app\/?p=26234"},"modified":"2026-04-27T14:31:50","modified_gmt":"2026-04-27T17:31:50","slug":"espetaculo-o-vendedor-de-sonhos-no-teatro-fernando-torres","status":"publish","type":"post","link":"https:\/\/vivatatuape.com.br\/app\/2026\/04\/27\/espetaculo-o-vendedor-de-sonhos-no-teatro-fernando-torres\/","title":{"rendered":"Espet\u00e1culo O Vendedor de Sonhos no Teatro Fernando Torres"},"content":{"rendered":"<p>A trama conta a hist\u00f3ria do personagem J\u00falio C\u00e9sar (Mateus Carrieri), que tenta o suic\u00eddio e \u00e9 impedido de cometer o ato por interm\u00e9dio de um mendigo, o Mestre (Milton Levy), que lhe vende uma v\u00edrgula, para que continue a escrever a sua hist\u00f3ria. Juntos, convidam Bartolomeu (Adriano Merlini), um b\u00eabado boa-pra\u00e7a para a miss\u00e3o de vender sonhos e despertar a sociedade doente. Mas a revela\u00e7\u00e3o de um passado conflituoso do Mestre pode destro\u00e7ar a grande miss\u00e3o do Vendedor de Sonhos.<\/p>\n<p>O livro O Vendedor de Sonhos j\u00e1 foi traduzido para mais de 60 idiomas e tamb\u00e9m virou filme \u2013 e \u00e9 a primeira obra de Augusto Cury (o psiquiatra mais lido no mundo atualmente) a receber uma adapta\u00e7\u00e3o para o teatro. \u201cVer os atores interpretando no palco os personagens que eu constru\u00ed nas mais diversas situa\u00e7\u00f5es estressantes em que eles passaram, levando o espectador a fazer uma viagem para dentro de si mesmo para encontrar o mais importante endere\u00e7o que poucos encontram, o endere\u00e7o em sua pr\u00f3pria mente, \u00e9 de fato um grande prazer\u201d, conta Cury.<\/p>\n<p>Ficha T\u00e9cnica:<br \/>\nAdapta\u00e7\u00e3o: Augusto Cury<br \/>\nDire\u00e7\u00e3o: Guilherme Carrasco<br \/>\nElenco: Mateus Carrieri, Milton Levy, Adriano Merlini, Fernanda Mariano, Bruno Speran\u00e7a e Guilherme Carrasco Stand-in: Rafael Sandoli<\/p>\n<p><strong>O Vendedor de Sonhos<\/strong><br \/>\n<strong>\u00danica Apresenta\u00e7\u00e3o:<\/strong> 9 de Julho (Quinta)<br \/>\n<strong>Hor\u00e1rio:<\/strong> 20h30<br \/>\n<strong>Classifica\u00e7\u00e3o:<\/strong> 10 anos<\/p>\n<p><strong>Teatro Fernando Torres<\/strong><br \/>\nRua Padre Estev\u00e3o Pernet, 588 &#8211; Tatuap\u00e9<br \/>\nTelefone: (11) 2227-1025<\/p>\n<p><strong>Ingresso:<\/strong><br \/>\n<a href=\"https:\/\/bileto.sympla.com.br\/event\/115881#!\/tickets\"target=\"_blank\" rel=\"noopener\">https:\/\/bileto.sympla.com.br\/event\/115881#!tickets<\/a><\/p>\n<p><strong>Bilheteria:<\/strong> De Quarta a Domingo, das 14h \u00e0s 19h. Em dias de espet\u00e1culo, at\u00e9 o in\u00edcio do espet\u00e1culo.<br \/>\nInforma\u00e7\u00f5es: (11) 2227-1025<br \/>\nCafeteria no local: Tablado Caf\u00e9<br \/>\nEstacionamento no local.<\/p>\n<p>Meia Entrada: Estudantes, professores da rede estadual e municipal de S\u00e3o Paulo, aposentados, e idosos acima de 60 anos. Indispens\u00e1vel apresenta\u00e7\u00e3o de documento comprobat\u00f3rio no ato da compra do ingresso e da entrada ao espet\u00e1culo.<\/p>\n<p><strong>Rede Social<\/strong><br \/>\n<a href=\"https:\/\/www.teatrofernandotorres.com.br\/\" target=\"_blank\" rel=\"noopener noreferrer\">https:\/\/www.teatrofernandotorres.com.br\/<\/a><br \/>\n<a href=\"https:\/\/www.facebook.com\/teatrofernandotorres\/\" target=\"_blank\" rel=\"noopener noreferrer\">https:\/\/www.facebook.com\/teatrofernandotorres\/<\/a><br \/>\n<a href=\"https:\/\/www.instagram.com\/teatrofernandotorres\/\" target=\"_blank\" rel=\"noopener noreferrer\">https:\/\/www.instagram.com\/teatrofernandotorres\/<\/a><\/p>\n","protected":false},"excerpt":{"rendered":"<p>A trama conta a hist\u00f3ria do personagem J\u00falio C\u00e9sar (Mateus Carrieri), que tenta o suic\u00eddio e \u00e9 impedido de cometer o ato por interm\u00e9dio de um mendigo, o Mestre (Milton Levy), que lhe vende uma v\u00edrgula, para que continue a escrever a sua hist\u00f3ria. Juntos, convidam Bartolomeu (Adriano Merlini), um b\u00eabado boa-pra\u00e7a para a miss\u00e3o<\/p>\n","protected":false},"author":1,"featured_media":26239,"comment_status":"open","ping_status":"open","sticky":false,"template":"","format":"standard","meta":{"footnotes":""},"categories":[5],"tags":[],"class_list":{"0":"post-26234","1":"post","2":"type-post","3":"status-publish","4":"format-standard","5":"has-post-thumbnail","7":"category-teatro"},"yoast_head":"<!-- This site is optimized with the Yoast SEO plugin v25.4 - https:\/\/yoast.com\/wordpress\/plugins\/seo\/ -->\n<title>Espet\u00e1culo O Vendedor de Sonhos no Teatro Fernando Torres - appvivatatuap\u00e9<\/title>\n<meta name=\"robots\" content=\"index, follow, max-snippet:-1, max-image-preview:large, max-video-preview:-1\" \/>\n<link rel=\"canonical\" href=\"https:\/\/vivatatuape.com.br\/app\/2026\/04\/27\/espetaculo-o-vendedor-de-sonhos-no-teatro-fernando-torres\/\" \/>\n<meta property=\"og:locale\" content=\"pt_BR\" \/>\n<meta property=\"og:type\" content=\"article\" \/>\n<meta property=\"og:title\" content=\"Espet\u00e1culo O Vendedor de Sonhos no Teatro Fernando Torres - appvivatatuap\u00e9\" \/>\n<meta property=\"og:description\" content=\"A trama conta a hist\u00f3ria do personagem J\u00falio C\u00e9sar (Mateus Carrieri), que tenta o suic\u00eddio e \u00e9 impedido de cometer o ato por interm\u00e9dio de um mendigo, o Mestre (Milton Levy), que lhe vende uma v\u00edrgula, para que continue a escrever a sua hist\u00f3ria. Juntos, convidam Bartolomeu (Adriano Merlini), um b\u00eabado boa-pra\u00e7a para a miss\u00e3o\" \/>\n<meta property=\"og:url\" content=\"https:\/\/vivatatuape.com.br\/app\/2026\/04\/27\/espetaculo-o-vendedor-de-sonhos-no-teatro-fernando-torres\/\" \/>\n<meta property=\"og:site_name\" content=\"appvivatatuap\u00e9\" \/>\n<meta property=\"article:publisher\" content=\"https:\/\/facebook.com\/appvivatatuape\" \/>\n<meta property=\"article:published_time\" content=\"2026-04-27T17:31:50+00:00\" \/>\n<meta property=\"og:image\" content=\"http:\/\/vivatatuape.com.br\/app\/wp-content\/uploads\/2026\/04\/VendedorSonhos1-1-1.jpg\" \/>\n\t<meta property=\"og:image:width\" content=\"1920\" \/>\n\t<meta property=\"og:image:height\" content=\"1060\" \/>\n\t<meta property=\"og:image:type\" content=\"image\/jpeg\" \/>\n<meta name=\"author\" content=\"appvivatatuape\" \/>\n<meta name=\"twitter:card\" content=\"summary_large_image\" \/>\n<meta name=\"twitter:label1\" content=\"Escrito por\" \/>\n\t<meta name=\"twitter:data1\" content=\"appvivatatuape\" \/>\n\t<meta name=\"twitter:label2\" content=\"Est. tempo de leitura\" \/>\n\t<meta name=\"twitter:data2\" content=\"2 minutos\" \/>\n<script type=\"application\/ld+json\" class=\"yoast-schema-graph\">{\"@context\":\"https:\/\/schema.org\",\"@graph\":[{\"@type\":\"WebPage\",\"@id\":\"https:\/\/vivatatuape.com.br\/app\/2026\/04\/27\/espetaculo-o-vendedor-de-sonhos-no-teatro-fernando-torres\/\",\"url\":\"https:\/\/vivatatuape.com.br\/app\/2026\/04\/27\/espetaculo-o-vendedor-de-sonhos-no-teatro-fernando-torres\/\",\"name\":\"Espet\u00e1culo O Vendedor de Sonhos no Teatro Fernando Torres - appvivatatuap\u00e9\",\"isPartOf\":{\"@id\":\"https:\/\/vivatatuape.com.br\/app\/#website\"},\"primaryImageOfPage\":{\"@id\":\"https:\/\/vivatatuape.com.br\/app\/2026\/04\/27\/espetaculo-o-vendedor-de-sonhos-no-teatro-fernando-torres\/#primaryimage\"},\"image\":{\"@id\":\"https:\/\/vivatatuape.com.br\/app\/2026\/04\/27\/espetaculo-o-vendedor-de-sonhos-no-teatro-fernando-torres\/#primaryimage\"},\"thumbnailUrl\":\"https:\/\/vivatatuape.com.br\/app\/wp-content\/uploads\/2026\/04\/VendedorSonhos1-1-1.jpg\",\"datePublished\":\"2026-04-27T17:31:50+00:00\",\"author\":{\"@id\":\"https:\/\/vivatatuape.com.br\/app\/#\/schema\/person\/372ef3328427773b64bc133be359fb94\"},\"breadcrumb\":{\"@id\":\"https:\/\/vivatatuape.com.br\/app\/2026\/04\/27\/espetaculo-o-vendedor-de-sonhos-no-teatro-fernando-torres\/#breadcrumb\"},\"inLanguage\":\"pt-BR\",\"potentialAction\":[{\"@type\":\"ReadAction\",\"target\":[\"https:\/\/vivatatuape.com.br\/app\/2026\/04\/27\/espetaculo-o-vendedor-de-sonhos-no-teatro-fernando-torres\/\"]}]},{\"@type\":\"ImageObject\",\"inLanguage\":\"pt-BR\",\"@id\":\"https:\/\/vivatatuape.com.br\/app\/2026\/04\/27\/espetaculo-o-vendedor-de-sonhos-no-teatro-fernando-torres\/#primaryimage\",\"url\":\"https:\/\/vivatatuape.com.br\/app\/wp-content\/uploads\/2026\/04\/VendedorSonhos1-1-1.jpg\",\"contentUrl\":\"https:\/\/vivatatuape.com.br\/app\/wp-content\/uploads\/2026\/04\/VendedorSonhos1-1-1.jpg\",\"width\":1920,\"height\":1060},{\"@type\":\"BreadcrumbList\",\"@id\":\"https:\/\/vivatatuape.com.br\/app\/2026\/04\/27\/espetaculo-o-vendedor-de-sonhos-no-teatro-fernando-torres\/#breadcrumb\",\"itemListElement\":[{\"@type\":\"ListItem\",\"position\":1,\"name\":\"In\u00edcio\",\"item\":\"https:\/\/vivatatuape.com.br\/app\/\"},{\"@type\":\"ListItem\",\"position\":2,\"name\":\"Espet\u00e1culo O Vendedor de Sonhos no Teatro Fernando Torres\"}]},{\"@type\":\"WebSite\",\"@id\":\"https:\/\/vivatatuape.com.br\/app\/#website\",\"url\":\"https:\/\/vivatatuape.com.br\/app\/\",\"name\":\"Cadastro App Viva Tatuap\u00e9\",\"description\":\"App VivaTatuap\u00e9 - O Tatuap\u00e9 na Palma da sua M\u00e3o\",\"potentialAction\":[{\"@type\":\"SearchAction\",\"target\":{\"@type\":\"EntryPoint\",\"urlTemplate\":\"https:\/\/vivatatuape.com.br\/app\/?s={search_term_string}\"},\"query-input\":{\"@type\":\"PropertyValueSpecification\",\"valueRequired\":true,\"valueName\":\"search_term_string\"}}],\"inLanguage\":\"pt-BR\"},{\"@type\":\"Person\",\"@id\":\"https:\/\/vivatatuape.com.br\/app\/#\/schema\/person\/372ef3328427773b64bc133be359fb94\",\"name\":\"appvivatatuape\",\"image\":{\"@type\":\"ImageObject\",\"inLanguage\":\"pt-BR\",\"@id\":\"https:\/\/vivatatuape.com.br\/app\/#\/schema\/person\/image\/\",\"url\":\"https:\/\/secure.gravatar.com\/avatar\/e97acf1451081aaad044f1018d12b336d31bda2ed81c5a292f65fa32f6909ba3?s=96&d=mm&r=g\",\"contentUrl\":\"https:\/\/secure.gravatar.com\/avatar\/e97acf1451081aaad044f1018d12b336d31bda2ed81c5a292f65fa32f6909ba3?s=96&d=mm&r=g\",\"caption\":\"appvivatatuape\"},\"sameAs\":[\"http:\/\/vivatatuape.com.br\/app\"],\"url\":\"https:\/\/vivatatuape.com.br\/app\/author\/appvivatatuape\/\"}]}<\/script>\n<!-- \/ Yoast SEO plugin. -->","yoast_head_json":{"title":"Espet\u00e1culo O Vendedor de Sonhos no Teatro Fernando Torres - appvivatatuap\u00e9","robots":{"index":"index","follow":"follow","max-snippet":"max-snippet:-1","max-image-preview":"max-image-preview:large","max-video-preview":"max-video-preview:-1"},"canonical":"https:\/\/vivatatuape.com.br\/app\/2026\/04\/27\/espetaculo-o-vendedor-de-sonhos-no-teatro-fernando-torres\/","og_locale":"pt_BR","og_type":"article","og_title":"Espet\u00e1culo O Vendedor de Sonhos no Teatro Fernando Torres - appvivatatuap\u00e9","og_description":"A trama conta a hist\u00f3ria do personagem J\u00falio C\u00e9sar (Mateus Carrieri), que tenta o suic\u00eddio e \u00e9 impedido de cometer o ato por interm\u00e9dio de um mendigo, o Mestre (Milton Levy), que lhe vende uma v\u00edrgula, para que continue a escrever a sua hist\u00f3ria. Juntos, convidam Bartolomeu (Adriano Merlini), um b\u00eabado boa-pra\u00e7a para a miss\u00e3o","og_url":"https:\/\/vivatatuape.com.br\/app\/2026\/04\/27\/espetaculo-o-vendedor-de-sonhos-no-teatro-fernando-torres\/","og_site_name":"appvivatatuap\u00e9","article_publisher":"https:\/\/facebook.com\/appvivatatuape","article_published_time":"2026-04-27T17:31:50+00:00","og_image":[{"width":1920,"height":1060,"url":"http:\/\/vivatatuape.com.br\/app\/wp-content\/uploads\/2026\/04\/VendedorSonhos1-1-1.jpg","type":"image\/jpeg"}],"author":"appvivatatuape","twitter_card":"summary_large_image","twitter_misc":{"Escrito por":"appvivatatuape","Est. tempo de leitura":"2 minutos"},"schema":{"@context":"https:\/\/schema.org","@graph":[{"@type":"WebPage","@id":"https:\/\/vivatatuape.com.br\/app\/2026\/04\/27\/espetaculo-o-vendedor-de-sonhos-no-teatro-fernando-torres\/","url":"https:\/\/vivatatuape.com.br\/app\/2026\/04\/27\/espetaculo-o-vendedor-de-sonhos-no-teatro-fernando-torres\/","name":"Espet\u00e1culo O Vendedor de Sonhos no Teatro Fernando Torres - appvivatatuap\u00e9","isPartOf":{"@id":"https:\/\/vivatatuape.com.br\/app\/#website"},"primaryImageOfPage":{"@id":"https:\/\/vivatatuape.com.br\/app\/2026\/04\/27\/espetaculo-o-vendedor-de-sonhos-no-teatro-fernando-torres\/#primaryimage"},"image":{"@id":"https:\/\/vivatatuape.com.br\/app\/2026\/04\/27\/espetaculo-o-vendedor-de-sonhos-no-teatro-fernando-torres\/#primaryimage"},"thumbnailUrl":"https:\/\/vivatatuape.com.br\/app\/wp-content\/uploads\/2026\/04\/VendedorSonhos1-1-1.jpg","datePublished":"2026-04-27T17:31:50+00:00","author":{"@id":"https:\/\/vivatatuape.com.br\/app\/#\/schema\/person\/372ef3328427773b64bc133be359fb94"},"breadcrumb":{"@id":"https:\/\/vivatatuape.com.br\/app\/2026\/04\/27\/espetaculo-o-vendedor-de-sonhos-no-teatro-fernando-torres\/#breadcrumb"},"inLanguage":"pt-BR","potentialAction":[{"@type":"ReadAction","target":["https:\/\/vivatatuape.com.br\/app\/2026\/04\/27\/espetaculo-o-vendedor-de-sonhos-no-teatro-fernando-torres\/"]}]},{"@type":"ImageObject","inLanguage":"pt-BR","@id":"https:\/\/vivatatuape.com.br\/app\/2026\/04\/27\/espetaculo-o-vendedor-de-sonhos-no-teatro-fernando-torres\/#primaryimage","url":"https:\/\/vivatatuape.com.br\/app\/wp-content\/uploads\/2026\/04\/VendedorSonhos1-1-1.jpg","contentUrl":"https:\/\/vivatatuape.com.br\/app\/wp-content\/uploads\/2026\/04\/VendedorSonhos1-1-1.jpg","width":1920,"height":1060},{"@type":"BreadcrumbList","@id":"https:\/\/vivatatuape.com.br\/app\/2026\/04\/27\/espetaculo-o-vendedor-de-sonhos-no-teatro-fernando-torres\/#breadcrumb","itemListElement":[{"@type":"ListItem","position":1,"name":"In\u00edcio","item":"https:\/\/vivatatuape.com.br\/app\/"},{"@type":"ListItem","position":2,"name":"Espet\u00e1culo O Vendedor de Sonhos no Teatro Fernando Torres"}]},{"@type":"WebSite","@id":"https:\/\/vivatatuape.com.br\/app\/#website","url":"https:\/\/vivatatuape.com.br\/app\/","name":"Cadastro App Viva Tatuap\u00e9","description":"App VivaTatuap\u00e9 - O Tatuap\u00e9 na Palma da sua M\u00e3o","potentialAction":[{"@type":"SearchAction","target":{"@type":"EntryPoint","urlTemplate":"https:\/\/vivatatuape.com.br\/app\/?s={search_term_string}"},"query-input":{"@type":"PropertyValueSpecification","valueRequired":true,"valueName":"search_term_string"}}],"inLanguage":"pt-BR"},{"@type":"Person","@id":"https:\/\/vivatatuape.com.br\/app\/#\/schema\/person\/372ef3328427773b64bc133be359fb94","name":"appvivatatuape","image":{"@type":"ImageObject","inLanguage":"pt-BR","@id":"https:\/\/vivatatuape.com.br\/app\/#\/schema\/person\/image\/","url":"https:\/\/secure.gravatar.com\/avatar\/e97acf1451081aaad044f1018d12b336d31bda2ed81c5a292f65fa32f6909ba3?s=96&d=mm&r=g","contentUrl":"https:\/\/secure.gravatar.com\/avatar\/e97acf1451081aaad044f1018d12b336d31bda2ed81c5a292f65fa32f6909ba3?s=96&d=mm&r=g","caption":"appvivatatuape"},"sameAs":["http:\/\/vivatatuape.com.br\/app"],"url":"https:\/\/vivatatuape.com.br\/app\/author\/appvivatatuape\/"}]}},"_links":{"self":[{"href":"https:\/\/vivatatuape.com.br\/app\/wp-json\/wp\/v2\/posts\/26234","targetHints":{"allow":["GET"]}}],"collection":[{"href":"https:\/\/vivatatuape.com.br\/app\/wp-json\/wp\/v2\/posts"}],"about":[{"href":"https:\/\/vivatatuape.com.br\/app\/wp-json\/wp\/v2\/types\/post"}],"author":[{"embeddable":true,"href":"https:\/\/vivatatuape.com.br\/app\/wp-json\/wp\/v2\/users\/1"}],"replies":[{"embeddable":true,"href":"https:\/\/vivatatuape.com.br\/app\/wp-json\/wp\/v2\/comments?post=26234"}],"version-history":[{"count":1,"href":"https:\/\/vivatatuape.com.br\/app\/wp-json\/wp\/v2\/posts\/26234\/revisions"}],"predecessor-version":[{"id":26235,"href":"https:\/\/vivatatuape.com.br\/app\/wp-json\/wp\/v2\/posts\/26234\/revisions\/26235"}],"wp:featuredmedia":[{"embeddable":true,"href":"https:\/\/vivatatuape.com.br\/app\/wp-json\/wp\/v2\/media\/26239"}],"wp:attachment":[{"href":"https:\/\/vivatatuape.com.br\/app\/wp-json\/wp\/v2\/media?parent=26234"}],"wp:term":[{"taxonomy":"category","embeddable":true,"href":"https:\/\/vivatatuape.com.br\/app\/wp-json\/wp\/v2\/categories?post=26234"},{"taxonomy":"post_tag","embeddable":true,"href":"https:\/\/vivatatuape.com.br\/app\/wp-json\/wp\/v2\/tags?post=26234"}],"curies":[{"name":"wp","href":"https:\/\/api.w.org\/{rel}","templated":true}]}}