{"id":26240,"date":"2026-04-27T15:03:08","date_gmt":"2026-04-27T18:03:08","guid":{"rendered":"https:\/\/vivatatuape.com.br\/app\/?p=26240"},"modified":"2026-04-27T15:03:08","modified_gmt":"2026-04-27T18:03:08","slug":"banda-uniao-show-especial-30-anos-de-charlie-brown-jr-no-teatro-fernando-torres","status":"publish","type":"post","link":"https:\/\/vivatatuape.com.br\/app\/2026\/04\/27\/banda-uniao-show-especial-30-anos-de-charlie-brown-jr-no-teatro-fernando-torres\/","title":{"rendered":"Banda Uni\u00e3o &#8211; Show Especial 30 anos de Charlie Brown Jr. no Teatro Fernando Torres"},"content":{"rendered":"<p>A banda Uni\u00e3o retorna ao palco do Teatro Fernando Torres no dia 10 de julho com um espet\u00e1culo exclusivo em homenagem aos 30 anos de Charlie Brown Jr., um dos maiores nomes da hist\u00f3ria do rock nacional.<\/p>\n<p>O projeto prop\u00f5e uma experi\u00eancia musical imersiva, constru\u00edda em formato din\u00e2mico, que percorre diferentes fases da banda homenageada. O show se inicia em vers\u00e3o ac\u00fastica, evidenciando a ess\u00eancia po\u00e9tica e mel\u00f3dica, e evolui para momentos de alta intensidade, com guitarras distorcidas e a energia caracter\u00edstica que consagrou o grupo.<\/p>\n<p>Com um repert\u00f3rio composto pelos principais cl\u00e1ssicos, a apresenta\u00e7\u00e3o resgata n\u00e3o apenas m\u00fasicas, mas a atitude, a identidade e a influ\u00eancia cultural que permanecem vivas ao longo das d\u00e9cadas.<\/p>\n<p>Mais do que um tributo, o espet\u00e1culo da banda Uni\u00e3o se posiciona como uma celebra\u00e7\u00e3o da longevidade art\u00edstica e da conex\u00e3o emocional entre p\u00fablico e obra \u2014 um produto cultural com forte apelo comercial e engajamento comprovado.<\/p>\n<p><strong>Teatro Fernando Torres<\/strong><br \/>\nRua Padre Estev\u00e3o Pernet, 588 &#8211; Tatuap\u00e9<br \/>\nTelefone: (11) 2227-1025<\/p>\n<p><strong>Ingresso:<\/strong><br \/>\n<a href=\"https:\/\/bileto.sympla.com.br\/event\/199899#!\/tickets\"target=\"_blank\" rel=\"noopener\">https:\/\/bileto.sympla.com.br\/event\/119899#!tickets<\/a><\/p>\n<p><strong>Bilheteria:<\/strong> De Quarta a Domingo, das 14h \u00e0s 19h. Em dias de espet\u00e1culo, at\u00e9 o in\u00edcio do espet\u00e1culo.<br \/>\nInforma\u00e7\u00f5es: (11) 2227-1025<br \/>\nCafeteria no local: Tablado Caf\u00e9<br \/>\nEstacionamento no local.<\/p>\n<p>Meia Entrada: Estudantes, professores da rede estadual e municipal de S\u00e3o Paulo, aposentados, e idosos acima de 60 anos. Indispens\u00e1vel apresenta\u00e7\u00e3o de documento comprobat\u00f3rio no ato da compra do ingresso e da entrada ao espet\u00e1culo.<\/p>\n<p><strong>Rede Social<\/strong><br \/>\n<a href=\"https:\/\/www.teatrofernandotorres.com.br\/\" target=\"_blank\" rel=\"noopener noreferrer\">https:\/\/www.teatrofernandotorres.com.br\/<\/a><br \/>\n<a href=\"https:\/\/www.facebook.com\/teatrofernandotorres\/\" target=\"_blank\" rel=\"noopener noreferrer\">https:\/\/www.facebook.com\/teatrofernandotorres\/<\/a><br \/>\n<a href=\"https:\/\/www.instagram.com\/teatrofernandotorres\/\" target=\"_blank\" rel=\"noopener noreferrer\">https:\/\/www.instagram.com\/teatrofernandotorres\/<\/a><\/p>\n","protected":false},"excerpt":{"rendered":"<p>A banda Uni\u00e3o retorna ao palco do Teatro Fernando Torres no dia 10 de julho com um espet\u00e1culo exclusivo em homenagem aos 30 anos de Charlie Brown Jr., um dos maiores nomes da hist\u00f3ria do rock nacional. O projeto prop\u00f5e uma experi\u00eancia musical imersiva, constru\u00edda em formato din\u00e2mico, que percorre diferentes fases da banda homenageada.<\/p>\n","protected":false},"author":1,"featured_media":26241,"comment_status":"open","ping_status":"open","sticky":false,"template":"","format":"standard","meta":{"footnotes":""},"categories":[5],"tags":[],"class_list":{"0":"post-26240","1":"post","2":"type-post","3":"status-publish","4":"format-standard","5":"has-post-thumbnail","7":"category-teatro"},"yoast_head":"<!-- This site is optimized with the Yoast SEO plugin v25.4 - https:\/\/yoast.com\/wordpress\/plugins\/seo\/ -->\n<title>Banda Uni\u00e3o - Show Especial 30 anos de Charlie Brown Jr. no Teatro Fernando Torres - appvivatatuap\u00e9<\/title>\n<meta name=\"robots\" content=\"index, follow, max-snippet:-1, max-image-preview:large, max-video-preview:-1\" \/>\n<link rel=\"canonical\" href=\"https:\/\/vivatatuape.com.br\/app\/2026\/04\/27\/banda-uniao-show-especial-30-anos-de-charlie-brown-jr-no-teatro-fernando-torres\/\" \/>\n<meta property=\"og:locale\" content=\"pt_BR\" \/>\n<meta property=\"og:type\" content=\"article\" \/>\n<meta property=\"og:title\" content=\"Banda Uni\u00e3o - Show Especial 30 anos de Charlie Brown Jr. no Teatro Fernando Torres - appvivatatuap\u00e9\" \/>\n<meta property=\"og:description\" content=\"A banda Uni\u00e3o retorna ao palco do Teatro Fernando Torres no dia 10 de julho com um espet\u00e1culo exclusivo em homenagem aos 30 anos de Charlie Brown Jr., um dos maiores nomes da hist\u00f3ria do rock nacional. O projeto prop\u00f5e uma experi\u00eancia musical imersiva, constru\u00edda em formato din\u00e2mico, que percorre diferentes fases da banda homenageada.\" \/>\n<meta property=\"og:url\" content=\"https:\/\/vivatatuape.com.br\/app\/2026\/04\/27\/banda-uniao-show-especial-30-anos-de-charlie-brown-jr-no-teatro-fernando-torres\/\" \/>\n<meta property=\"og:site_name\" content=\"appvivatatuap\u00e9\" \/>\n<meta property=\"article:publisher\" content=\"https:\/\/facebook.com\/appvivatatuape\" \/>\n<meta property=\"article:published_time\" content=\"2026-04-27T18:03:08+00:00\" \/>\n<meta property=\"og:image\" content=\"http:\/\/vivatatuape.com.br\/app\/wp-content\/uploads\/2026\/04\/CharlesBrown.jpg\" \/>\n\t<meta property=\"og:image:width\" content=\"1920\" \/>\n\t<meta property=\"og:image:height\" content=\"1080\" \/>\n\t<meta property=\"og:image:type\" content=\"image\/jpeg\" \/>\n<meta name=\"author\" content=\"appvivatatuape\" \/>\n<meta name=\"twitter:card\" content=\"summary_large_image\" \/>\n<meta name=\"twitter:label1\" content=\"Escrito por\" \/>\n\t<meta name=\"twitter:data1\" content=\"appvivatatuape\" \/>\n\t<meta name=\"twitter:label2\" content=\"Est. tempo de leitura\" \/>\n\t<meta name=\"twitter:data2\" content=\"1 minuto\" \/>\n<script type=\"application\/ld+json\" class=\"yoast-schema-graph\">{\"@context\":\"https:\/\/schema.org\",\"@graph\":[{\"@type\":\"WebPage\",\"@id\":\"https:\/\/vivatatuape.com.br\/app\/2026\/04\/27\/banda-uniao-show-especial-30-anos-de-charlie-brown-jr-no-teatro-fernando-torres\/\",\"url\":\"https:\/\/vivatatuape.com.br\/app\/2026\/04\/27\/banda-uniao-show-especial-30-anos-de-charlie-brown-jr-no-teatro-fernando-torres\/\",\"name\":\"Banda Uni\u00e3o - Show Especial 30 anos de Charlie Brown Jr. no Teatro Fernando Torres - appvivatatuap\u00e9\",\"isPartOf\":{\"@id\":\"https:\/\/vivatatuape.com.br\/app\/#website\"},\"primaryImageOfPage\":{\"@id\":\"https:\/\/vivatatuape.com.br\/app\/2026\/04\/27\/banda-uniao-show-especial-30-anos-de-charlie-brown-jr-no-teatro-fernando-torres\/#primaryimage\"},\"image\":{\"@id\":\"https:\/\/vivatatuape.com.br\/app\/2026\/04\/27\/banda-uniao-show-especial-30-anos-de-charlie-brown-jr-no-teatro-fernando-torres\/#primaryimage\"},\"thumbnailUrl\":\"https:\/\/vivatatuape.com.br\/app\/wp-content\/uploads\/2026\/04\/CharlesBrown.jpg\",\"datePublished\":\"2026-04-27T18:03:08+00:00\",\"author\":{\"@id\":\"https:\/\/vivatatuape.com.br\/app\/#\/schema\/person\/372ef3328427773b64bc133be359fb94\"},\"breadcrumb\":{\"@id\":\"https:\/\/vivatatuape.com.br\/app\/2026\/04\/27\/banda-uniao-show-especial-30-anos-de-charlie-brown-jr-no-teatro-fernando-torres\/#breadcrumb\"},\"inLanguage\":\"pt-BR\",\"potentialAction\":[{\"@type\":\"ReadAction\",\"target\":[\"https:\/\/vivatatuape.com.br\/app\/2026\/04\/27\/banda-uniao-show-especial-30-anos-de-charlie-brown-jr-no-teatro-fernando-torres\/\"]}]},{\"@type\":\"ImageObject\",\"inLanguage\":\"pt-BR\",\"@id\":\"https:\/\/vivatatuape.com.br\/app\/2026\/04\/27\/banda-uniao-show-especial-30-anos-de-charlie-brown-jr-no-teatro-fernando-torres\/#primaryimage\",\"url\":\"https:\/\/vivatatuape.com.br\/app\/wp-content\/uploads\/2026\/04\/CharlesBrown.jpg\",\"contentUrl\":\"https:\/\/vivatatuape.com.br\/app\/wp-content\/uploads\/2026\/04\/CharlesBrown.jpg\",\"width\":1920,\"height\":1080},{\"@type\":\"BreadcrumbList\",\"@id\":\"https:\/\/vivatatuape.com.br\/app\/2026\/04\/27\/banda-uniao-show-especial-30-anos-de-charlie-brown-jr-no-teatro-fernando-torres\/#breadcrumb\",\"itemListElement\":[{\"@type\":\"ListItem\",\"position\":1,\"name\":\"In\u00edcio\",\"item\":\"https:\/\/vivatatuape.com.br\/app\/\"},{\"@type\":\"ListItem\",\"position\":2,\"name\":\"Banda Uni\u00e3o &#8211; Show Especial 30 anos de Charlie Brown Jr. no Teatro Fernando Torres\"}]},{\"@type\":\"WebSite\",\"@id\":\"https:\/\/vivatatuape.com.br\/app\/#website\",\"url\":\"https:\/\/vivatatuape.com.br\/app\/\",\"name\":\"Cadastro App Viva Tatuap\u00e9\",\"description\":\"App VivaTatuap\u00e9 - O Tatuap\u00e9 na Palma da sua M\u00e3o\",\"potentialAction\":[{\"@type\":\"SearchAction\",\"target\":{\"@type\":\"EntryPoint\",\"urlTemplate\":\"https:\/\/vivatatuape.com.br\/app\/?s={search_term_string}\"},\"query-input\":{\"@type\":\"PropertyValueSpecification\",\"valueRequired\":true,\"valueName\":\"search_term_string\"}}],\"inLanguage\":\"pt-BR\"},{\"@type\":\"Person\",\"@id\":\"https:\/\/vivatatuape.com.br\/app\/#\/schema\/person\/372ef3328427773b64bc133be359fb94\",\"name\":\"appvivatatuape\",\"image\":{\"@type\":\"ImageObject\",\"inLanguage\":\"pt-BR\",\"@id\":\"https:\/\/vivatatuape.com.br\/app\/#\/schema\/person\/image\/\",\"url\":\"https:\/\/secure.gravatar.com\/avatar\/e97acf1451081aaad044f1018d12b336d31bda2ed81c5a292f65fa32f6909ba3?s=96&d=mm&r=g\",\"contentUrl\":\"https:\/\/secure.gravatar.com\/avatar\/e97acf1451081aaad044f1018d12b336d31bda2ed81c5a292f65fa32f6909ba3?s=96&d=mm&r=g\",\"caption\":\"appvivatatuape\"},\"sameAs\":[\"http:\/\/vivatatuape.com.br\/app\"],\"url\":\"https:\/\/vivatatuape.com.br\/app\/author\/appvivatatuape\/\"}]}<\/script>\n<!-- \/ Yoast SEO plugin. -->","yoast_head_json":{"title":"Banda Uni\u00e3o - Show Especial 30 anos de Charlie Brown Jr. no Teatro Fernando Torres - appvivatatuap\u00e9","robots":{"index":"index","follow":"follow","max-snippet":"max-snippet:-1","max-image-preview":"max-image-preview:large","max-video-preview":"max-video-preview:-1"},"canonical":"https:\/\/vivatatuape.com.br\/app\/2026\/04\/27\/banda-uniao-show-especial-30-anos-de-charlie-brown-jr-no-teatro-fernando-torres\/","og_locale":"pt_BR","og_type":"article","og_title":"Banda Uni\u00e3o - Show Especial 30 anos de Charlie Brown Jr. no Teatro Fernando Torres - appvivatatuap\u00e9","og_description":"A banda Uni\u00e3o retorna ao palco do Teatro Fernando Torres no dia 10 de julho com um espet\u00e1culo exclusivo em homenagem aos 30 anos de Charlie Brown Jr., um dos maiores nomes da hist\u00f3ria do rock nacional. O projeto prop\u00f5e uma experi\u00eancia musical imersiva, constru\u00edda em formato din\u00e2mico, que percorre diferentes fases da banda homenageada.","og_url":"https:\/\/vivatatuape.com.br\/app\/2026\/04\/27\/banda-uniao-show-especial-30-anos-de-charlie-brown-jr-no-teatro-fernando-torres\/","og_site_name":"appvivatatuap\u00e9","article_publisher":"https:\/\/facebook.com\/appvivatatuape","article_published_time":"2026-04-27T18:03:08+00:00","og_image":[{"width":1920,"height":1080,"url":"http:\/\/vivatatuape.com.br\/app\/wp-content\/uploads\/2026\/04\/CharlesBrown.jpg","type":"image\/jpeg"}],"author":"appvivatatuape","twitter_card":"summary_large_image","twitter_misc":{"Escrito por":"appvivatatuape","Est. tempo de leitura":"1 minuto"},"schema":{"@context":"https:\/\/schema.org","@graph":[{"@type":"WebPage","@id":"https:\/\/vivatatuape.com.br\/app\/2026\/04\/27\/banda-uniao-show-especial-30-anos-de-charlie-brown-jr-no-teatro-fernando-torres\/","url":"https:\/\/vivatatuape.com.br\/app\/2026\/04\/27\/banda-uniao-show-especial-30-anos-de-charlie-brown-jr-no-teatro-fernando-torres\/","name":"Banda Uni\u00e3o - Show Especial 30 anos de Charlie Brown Jr. no Teatro Fernando Torres - appvivatatuap\u00e9","isPartOf":{"@id":"https:\/\/vivatatuape.com.br\/app\/#website"},"primaryImageOfPage":{"@id":"https:\/\/vivatatuape.com.br\/app\/2026\/04\/27\/banda-uniao-show-especial-30-anos-de-charlie-brown-jr-no-teatro-fernando-torres\/#primaryimage"},"image":{"@id":"https:\/\/vivatatuape.com.br\/app\/2026\/04\/27\/banda-uniao-show-especial-30-anos-de-charlie-brown-jr-no-teatro-fernando-torres\/#primaryimage"},"thumbnailUrl":"https:\/\/vivatatuape.com.br\/app\/wp-content\/uploads\/2026\/04\/CharlesBrown.jpg","datePublished":"2026-04-27T18:03:08+00:00","author":{"@id":"https:\/\/vivatatuape.com.br\/app\/#\/schema\/person\/372ef3328427773b64bc133be359fb94"},"breadcrumb":{"@id":"https:\/\/vivatatuape.com.br\/app\/2026\/04\/27\/banda-uniao-show-especial-30-anos-de-charlie-brown-jr-no-teatro-fernando-torres\/#breadcrumb"},"inLanguage":"pt-BR","potentialAction":[{"@type":"ReadAction","target":["https:\/\/vivatatuape.com.br\/app\/2026\/04\/27\/banda-uniao-show-especial-30-anos-de-charlie-brown-jr-no-teatro-fernando-torres\/"]}]},{"@type":"ImageObject","inLanguage":"pt-BR","@id":"https:\/\/vivatatuape.com.br\/app\/2026\/04\/27\/banda-uniao-show-especial-30-anos-de-charlie-brown-jr-no-teatro-fernando-torres\/#primaryimage","url":"https:\/\/vivatatuape.com.br\/app\/wp-content\/uploads\/2026\/04\/CharlesBrown.jpg","contentUrl":"https:\/\/vivatatuape.com.br\/app\/wp-content\/uploads\/2026\/04\/CharlesBrown.jpg","width":1920,"height":1080},{"@type":"BreadcrumbList","@id":"https:\/\/vivatatuape.com.br\/app\/2026\/04\/27\/banda-uniao-show-especial-30-anos-de-charlie-brown-jr-no-teatro-fernando-torres\/#breadcrumb","itemListElement":[{"@type":"ListItem","position":1,"name":"In\u00edcio","item":"https:\/\/vivatatuape.com.br\/app\/"},{"@type":"ListItem","position":2,"name":"Banda Uni\u00e3o &#8211; Show Especial 30 anos de Charlie Brown Jr. no Teatro Fernando Torres"}]},{"@type":"WebSite","@id":"https:\/\/vivatatuape.com.br\/app\/#website","url":"https:\/\/vivatatuape.com.br\/app\/","name":"Cadastro App Viva Tatuap\u00e9","description":"App VivaTatuap\u00e9 - O Tatuap\u00e9 na Palma da sua M\u00e3o","potentialAction":[{"@type":"SearchAction","target":{"@type":"EntryPoint","urlTemplate":"https:\/\/vivatatuape.com.br\/app\/?s={search_term_string}"},"query-input":{"@type":"PropertyValueSpecification","valueRequired":true,"valueName":"search_term_string"}}],"inLanguage":"pt-BR"},{"@type":"Person","@id":"https:\/\/vivatatuape.com.br\/app\/#\/schema\/person\/372ef3328427773b64bc133be359fb94","name":"appvivatatuape","image":{"@type":"ImageObject","inLanguage":"pt-BR","@id":"https:\/\/vivatatuape.com.br\/app\/#\/schema\/person\/image\/","url":"https:\/\/secure.gravatar.com\/avatar\/e97acf1451081aaad044f1018d12b336d31bda2ed81c5a292f65fa32f6909ba3?s=96&d=mm&r=g","contentUrl":"https:\/\/secure.gravatar.com\/avatar\/e97acf1451081aaad044f1018d12b336d31bda2ed81c5a292f65fa32f6909ba3?s=96&d=mm&r=g","caption":"appvivatatuape"},"sameAs":["http:\/\/vivatatuape.com.br\/app"],"url":"https:\/\/vivatatuape.com.br\/app\/author\/appvivatatuape\/"}]}},"_links":{"self":[{"href":"https:\/\/vivatatuape.com.br\/app\/wp-json\/wp\/v2\/posts\/26240","targetHints":{"allow":["GET"]}}],"collection":[{"href":"https:\/\/vivatatuape.com.br\/app\/wp-json\/wp\/v2\/posts"}],"about":[{"href":"https:\/\/vivatatuape.com.br\/app\/wp-json\/wp\/v2\/types\/post"}],"author":[{"embeddable":true,"href":"https:\/\/vivatatuape.com.br\/app\/wp-json\/wp\/v2\/users\/1"}],"replies":[{"embeddable":true,"href":"https:\/\/vivatatuape.com.br\/app\/wp-json\/wp\/v2\/comments?post=26240"}],"version-history":[{"count":1,"href":"https:\/\/vivatatuape.com.br\/app\/wp-json\/wp\/v2\/posts\/26240\/revisions"}],"predecessor-version":[{"id":26242,"href":"https:\/\/vivatatuape.com.br\/app\/wp-json\/wp\/v2\/posts\/26240\/revisions\/26242"}],"wp:featuredmedia":[{"embeddable":true,"href":"https:\/\/vivatatuape.com.br\/app\/wp-json\/wp\/v2\/media\/26241"}],"wp:attachment":[{"href":"https:\/\/vivatatuape.com.br\/app\/wp-json\/wp\/v2\/media?parent=26240"}],"wp:term":[{"taxonomy":"category","embeddable":true,"href":"https:\/\/vivatatuape.com.br\/app\/wp-json\/wp\/v2\/categories?post=26240"},{"taxonomy":"post_tag","embeddable":true,"href":"https:\/\/vivatatuape.com.br\/app\/wp-json\/wp\/v2\/tags?post=26240"}],"curies":[{"name":"wp","href":"https:\/\/api.w.org\/{rel}","templated":true}]}}